[{"@context":"https:\/\/schema.org\/","@type":"Article","@id":"https:\/\/www.voelkl.sk\/vyska-a-vek-su-len-cisla\/#Article","mainEntityOfPage":"https:\/\/www.voelkl.sk\/vyska-a-vek-su-len-cisla\/","headline":"V\u00fd\u0161ka a vek s\u00fa len \u010d\u00edsla","name":"V\u00fd\u0161ka a vek s\u00fa len \u010d\u00edsla","description":"Vz\u0165ahy s\u00fa v\u00a0dne\u0161nej dobe pomerne \u010dasto rie\u0161en\u00e1 t\u00e9ma. Niektor\u00e9 \u017eeny sa hanbia \u00eds\u0165 so svoj\u00edm mu\u017eom na ulicu, preto\u017ee sa boja toho, \u010do o\u00a0nich \u013eudia","datePublished":"2023-01-15","dateModified":"2023-12-15","author":{"@type":"Person","@id":"https:\/\/www.voelkl.sk\/author\/#Person","name":"","url":"https:\/\/www.voelkl.sk\/author\/","identifier":1,"image":{"@type":"ImageObject","@id":"https:\/\/secure.gravatar.com\/avatar\/ccdd701717dc93db07d73e0c11dbbb8b91524cccc3bfbd3baea83667a3ebf5d6?s=96&d=mm&r=g","url":"https:\/\/secure.gravatar.com\/avatar\/ccdd701717dc93db07d73e0c11dbbb8b91524cccc3bfbd3baea83667a3ebf5d6?s=96&d=mm&r=g","height":96,"width":96}},"publisher":{"@type":"Organization","name":"voelkl.sk","logo":{"@type":"ImageObject","@id":"\/logo.png","url":"\/logo.png","width":600,"height":60}},"image":{"@type":"ImageObject","@id":"https:\/\/www.voelkl.sk\/wp-content\/uploads\/IMG_3656.jpeg","url":"https:\/\/www.voelkl.sk\/wp-content\/uploads\/IMG_3656.jpeg","height":0,"width":0},"url":"https:\/\/www.voelkl.sk\/vyska-a-vek-su-len-cisla\/","about":["Vz\u0165ahy"],"wordCount":428,"articleBody":"Vz\u0165ahy s\u00fa v\u00a0dne\u0161nej dobe pomerne \u010dasto rie\u0161en\u00e1 t\u00e9ma. Niektor\u00e9 \u017eeny sa hanbia \u00eds\u0165 so svoj\u00edm mu\u017eom na ulicu, preto\u017ee sa boja toho, \u010do o\u00a0nich \u013eudia povedia. Pre\u010do v\u0161ak rie\u0161i\u0165 tak\u00e9to primit\u00edvne veci? Pokia\u013e mu\u017ea milujete, mali by ste ho bra\u0165 tak\u00e9ho, ak\u00fd je. Predsa on nem\u00f4\u017ee za to, \u017ee sa nenarodil v\u00a0bohatej rodine, alebo nenar\u00e1stol do v\u00fd\u0161ky 2 metrov. Pokia\u013e mu\u017ea milujete, nemali by ste rie\u0161i\u0165 vek alebo v\u00fd\u0161ku. Vek v\u00a0tomto pr\u00edpade ur\u010dite nehr\u00e1 rolu. Niektor\u00ed mu\u017ei aj ke\u010f s\u00fa mlad\u0161\u00ed, maj\u00fa vyspelej\u0161ie zm\u00fd\u0161\u013eanie ako t\u00ed, \u010do s\u00fa od n\u00e1s star\u0161\u00ed. Nie nadarmo sa vrav\u00ed, \u017ee mu\u017ei dospievaj\u00fa omnoho nesk\u00f4r ako \u017eeny. Samozrejme toto neplat\u00ed pri v\u0161etk\u00fdch, ale v\u00e4\u010d\u0161ina sa v\u00a0tom ur\u010dite n\u00e1jde.Na svete je mnoho \u017eien, \u010do m\u00e1 od seba mlad\u0161\u00edch a\u00a0ni\u017e\u0161\u00edch partnerov. Preniesli sa cez to, nakoniec im bolo jedno, \u010do si o\u00a0nich \u013eudia \u0161epkaj\u00fa a\u00a0teraz \u017eij\u00fa \u0161\u0165astne. Pre\u010do teda nehodi\u0165 za hlavu to, ako sa \u013eudia na v\u00e1s pozeraj\u00fa? Predsa nebud\u00fa oni \u017ei\u0165 s\u00a0n\u00edm, ale vy. V\u00e1\u017ete si teda, ak\u00fd ten mu\u017e je a\u00a0nezaoberajte sa zbyto\u010dnos\u0165ami, ako je vek a\u00a0v\u00fd\u0161ka. Niektor\u00e9 \u017eeny si v\u0161ak na toto potrpia, preto\u017ee si myslia, \u017ee nem\u00f4\u017eu nosi\u0165 ich vyt\u00fa\u017een\u00e9 top\u00e1nky na podp\u00e4tku. Pre\u010do by ale nemohli? Mnoho sl\u00e1vnych hercov zo zahrani\u010dia \u017eij\u00fa presne v\u00a0takomto p\u00e1rovom rozlo\u017een\u00ed a\u00a0predsa nosia to, \u010do chc\u00fa. Chodia na ulicu bez hanby a\u00a0u\u017e\u00edvaj\u00fa si ka\u017ed\u00fa spolo\u010dne str\u00e1ven\u00fa chv\u00ed\u013eu. Niekedy v\u00e1m tak\u00fdto partner d\u00e1 omnoho viac, ako nejak\u00fd, po akom t\u00fa\u017eite, no viete, \u017ee ho nikdy ma\u0165 nebudete. Vek a\u00a0v\u00fd\u0161ka s\u00fa len \u010d\u00edsla. Niektor\u00e9 \u017eeny a\u00a0mu\u017ei sa boja o\u00a0takomto vz\u0165ahu poveda\u0165 aj svojej rodine, preto\u017ee by ich vysmiala. Av\u0161ak dobr\u00e1 rodina by to mala v\u0161etko pochopi\u0165 a\u00a0poveda\u0165 v\u00e1m, \u017ee ke\u010f sa milujete, tak nech sa nevzd\u00e1vate tejto va\u0161ej l\u00e1sky. Ur\u010dite sa n\u00e1jdu \u013eudia vo va\u0161om okol\u00ed, ktor\u00ed v\u00e1s podporia a\u00a0dopraj\u00fa v\u00e1m \u0161\u0165astie. Ak tak\u00fdto mu\u017e pre v\u00e1s rob\u00ed to, \u010do v\u00e1m vid\u00ed na o\u010diach, ur\u010dite sa nezaoberajte \u010d\u00edslami, ale dajte mu \u0161ancu a\u00a0uvid\u00edte, \u017ee tento vz\u0165ah bude omnoho kraj\u0161\u00ed, ako ste si mysleli.                                                                                                                                                                                                                                                                                                                                                                                                "},{"@context":"https:\/\/schema.org\/","@type":"BreadcrumbList","itemListElement":[{"@type":"ListItem","position":1,"name":"V\u00fd\u0161ka a vek s\u00fa len \u010d\u00edsla","item":"https:\/\/www.voelkl.sk\/vyska-a-vek-su-len-cisla\/#breadcrumbitem"}]}]