[{"@context":"https:\/\/schema.org\/","@type":"Article","@id":"https:\/\/www.voelkl.sk\/trojica-pre-krasu\/#Article","mainEntityOfPage":"https:\/\/www.voelkl.sk\/trojica-pre-krasu\/","headline":"Trojica pre kr\u00e1su","name":"Trojica pre kr\u00e1su","description":"Kr\u00e1sa sp\u00e1ja mno\u017estvo vec\u00ed dokopy. No ke\u010f sa bav\u00edme o\u00a0vonkaj\u0161ej kr\u00e1se \u010dloveka, tak je to o\u00a0nie\u010dom, na \u010dom mus\u00edte poriadne prem\u00fd\u0161\u013ea\u0165. Je ve\u013emi d\u00f4le\u017eit\u00e9, aby","datePublished":"2017-12-25","dateModified":"2017-12-25","author":{"@type":"Person","@id":"https:\/\/www.voelkl.sk\/author\/#Person","name":"","url":"https:\/\/www.voelkl.sk\/author\/","identifier":1,"image":{"@type":"ImageObject","@id":"https:\/\/secure.gravatar.com\/avatar\/ccdd701717dc93db07d73e0c11dbbb8b91524cccc3bfbd3baea83667a3ebf5d6?s=96&d=mm&r=g","url":"https:\/\/secure.gravatar.com\/avatar\/ccdd701717dc93db07d73e0c11dbbb8b91524cccc3bfbd3baea83667a3ebf5d6?s=96&d=mm&r=g","height":96,"width":96}},"publisher":{"@type":"Organization","name":"voelkl.sk","logo":{"@type":"ImageObject","@id":"\/logo.png","url":"\/logo.png","width":600,"height":60}},"image":{"@type":"ImageObject","@id":"https:\/\/www.voelkl.sk\/wp-content\/uploads\/img_a285327_w16557_t1519579396.jpg","url":"https:\/\/www.voelkl.sk\/wp-content\/uploads\/img_a285327_w16557_t1519579396.jpg","height":0,"width":0},"url":"https:\/\/www.voelkl.sk\/trojica-pre-krasu\/","wordCount":434,"articleBody":"Kr\u00e1sa sp\u00e1ja mno\u017estvo vec\u00ed dokopy. No ke\u010f sa bav\u00edme o\u00a0vonkaj\u0161ej kr\u00e1se \u010dloveka, tak je to o\u00a0nie\u010dom, na \u010dom mus\u00edte poriadne prem\u00fd\u0161\u013ea\u0165. Je ve\u013emi d\u00f4le\u017eit\u00e9, aby ste mysleli na to, \u017ee nech sa deje \u010doko\u013evek, vonkaj\u0161ia kr\u00e1sa jednozna\u010dne nie je v\u0161etko. Mali by ste myslie\u0165 na to, \u017ee sa mus\u00edte s\u00fastredi\u0165 hlavne na to, \u010do z\u00a0v\u00e1s vy\u017earuje a\u00a0nie na to, ako vyzer\u00e1te. Ale uzn\u00e1vame, ob\u010das\u00a0 je to naozaj ve\u013emi \u0165a\u017ek\u00e9. Na druhej strane v\u0161ak staranie sa o\u00a0svoju vonkaj\u0161iu kr\u00e1su je nie\u010do samozrejm\u00e9. Ka\u017ed\u00fd z\u00a0n\u00e1s chce predsa vyzera\u0165 dobre, nech sa deje \u010doko\u013evek a\u00a0v\u00a0ka\u017edej situ\u00e1cii. Preto je d\u00f4le\u017eit\u00e9, aby ste v\u017edy mysleli na jednu trojicu. S\u00fa \u0148ou vlasy, tv\u00e1r a\u00a0nechty.VLASY\u017de s\u00fa korunou kr\u00e1sy? Ale toto u\u017e predsa v\u0161etci d\u00e1vno vieme. Ale to, \u017ee si ich \u013eudia v\u0161\u00edmaj\u00fa, to je in\u00e1 vec. Asi pozn\u00e1te tie stavy, ke\u010f sa v\u00e1m jednoducho nechce si um\u00fdva\u0165 a\u00a0su\u0161i\u0165 hlavu, preto ich rad\u0161ej stiahnete do chvosta a\u00a0tv\u00e1rite sa, \u017ee sa ni\u010d nedeje. Alebo si na ne d\u00e1te \u010diapku. \u00c1no, toto s\u00fa jednozna\u010dne veci, ktor\u00e9 dlhovl\u00e1sky sprev\u00e1dzaj\u00fa cel\u00fdm \u017eivotom, no napriek tomu je d\u00f4le\u017eit\u00e9, aby ste va\u0161e vlasy udr\u017eiavali neust\u00e1le zdrav\u00e9 a\u00a0v\u00a0tej najlep\u0161ej forme. Pre\u010do to tak je? Preto\u017ee s\u00fa skuto\u010dne va\u0161ou vizitkou.TV\u00c1RNie ka\u017ed\u00fd z\u00a0n\u00e1s sa m\u00f4\u017ee pochv\u00e1li\u0165 t\u00fdm, \u017ee m\u00e1 ple\u0165 bez akn\u00e9 a\u00a0bez r\u00f4znych nedokonalost\u00ed, no teraz sa na to nepozer\u00e1me. Ide n\u00e1m o\u00a0celkov\u00fd vzh\u013ead a\u00a0hlavne o\u00a0to, ako p\u00f4sob\u00ed va\u0161a tv\u00e1r na \u013eud\u00ed. S\u00a0ve\u013ekou a\u00a0hrubou vrstvou mejkapu asi nikoho neoh\u00farite a\u00a0na to si pam\u00e4tajte. Vo\u013ete nie\u010do prirodzen\u00e9.NECHTY\u013dudia podce\u0148uj\u00fa silu nechtov a\u00a0to je skuto\u010dne ve\u013emi ve\u013ek\u00e1 chyba. Pr\u00e1ve nechty o\u00a0v\u00e1s toho vedia skuto\u010dne ve\u013emi ve\u013ea poveda\u0165, tak\u017ee starostlivos\u0165 o\u00a0ne by mala by\u0165 pre v\u00e1s tak\u00e1 samozrejm\u00e1, ako s\u00fa pr\u00e1ve vlasy \u010di va\u0161a ple\u0165. Nejde len o\u00a0to, aby ste mali spraven\u00fa manik\u00faru. Ide skuto\u010dne o\u00a0ve\u013emi ve\u013ea vec\u00ed, ktor\u00e9 sa takto spoja v\u00a0jedno. Tak\u017ee? \u010co si o\u00a0tom mysl\u00edte vy?                                                                                                                                                                                                                                                                                                                                                                                                "},{"@context":"https:\/\/schema.org\/","@type":"BreadcrumbList","itemListElement":[{"@type":"ListItem","position":1,"name":"Trojica pre kr\u00e1su","item":"https:\/\/www.voelkl.sk\/trojica-pre-krasu\/#breadcrumbitem"}]}]