[{"@context":"https:\/\/schema.org\/","@type":"Blog","@id":"https:\/\/www.voelkl.sk#Blog","headline":"Voelkl","description":"\nKompromis medzi klasickou a on-line reklamou? Odpove\u010f je jednoduch\u00e1. Vysk\u00fa\u0161ajte, \u010do s va\u0161im biznisom urobia PR \u010dl\u00e1nky na na\u0161ej webovej str\u00e1nke.","url":"https:\/\/www.voelkl.sk","hasPart":[{"@type":"Article","@id":"https:\/\/www.voelkl.sk\/zdrava-voda\/","headline":"Zdrav\u00e1 voda","url":"https:\/\/www.voelkl.sk\/zdrava-voda\/","datePublished":"2024-07-07","dateModified":"2024-07-07","mainEntityOfPage":"https:\/\/www.voelkl.sk\/zdrava-voda\/","author":{"@type":"Person","@id":"https:\/\/www.voelkl.sk\/author\/#Person","name":"","url":"https:\/\/www.voelkl.sk\/author\/","identifier":1,"image":{"@type":"ImageObject","@id":"https:\/\/secure.gravatar.com\/avatar\/ccdd701717dc93db07d73e0c11dbbb8b91524cccc3bfbd3baea83667a3ebf5d6?s=96&d=mm&r=g","url":"https:\/\/secure.gravatar.com\/avatar\/ccdd701717dc93db07d73e0c11dbbb8b91524cccc3bfbd3baea83667a3ebf5d6?s=96&d=mm&r=g","height":96,"width":96}},"publisher":{"@type":"Organization","name":"voelkl.sk","logo":{"@type":"ImageObject","@id":"\/logo.png","url":"\/logo.png","width":600,"height":60}},"image":{"@type":"ImageObject","@id":"https:\/\/www.voelkl.sk\/wp-content\/uploads\/drop-of-water-578897_640_10_10_1.jpg","url":"https:\/\/www.voelkl.sk\/wp-content\/uploads\/drop-of-water-578897_640_10_10_1.jpg","height":0,"width":0},"wordCount":530,"keywords":null},{"@type":"Article","@id":"https:\/\/www.voelkl.sk\/kovove-pera-elegancia-ktora-nezostarne\/","headline":"Kovov\u00e9 per\u00e1: elegancia, ktor\u00e1 nezostarne","url":"https:\/\/www.voelkl.sk\/kovove-pera-elegancia-ktora-nezostarne\/","datePublished":"2024-05-12","dateModified":"2024-05-12","mainEntityOfPage":"https:\/\/www.voelkl.sk\/kovove-pera-elegancia-ktora-nezostarne\/","author":{"@type":"Person","@id":"https:\/\/www.voelkl.sk\/author\/#Person","name":"","url":"https:\/\/www.voelkl.sk\/author\/","identifier":1,"image":{"@type":"ImageObject","@id":"https:\/\/secure.gravatar.com\/avatar\/ccdd701717dc93db07d73e0c11dbbb8b91524cccc3bfbd3baea83667a3ebf5d6?s=96&d=mm&r=g","url":"https:\/\/secure.gravatar.com\/avatar\/ccdd701717dc93db07d73e0c11dbbb8b91524cccc3bfbd3baea83667a3ebf5d6?s=96&d=mm&r=g","height":96,"width":96}},"publisher":{"@type":"Organization","name":"voelkl.sk","logo":{"@type":"ImageObject","@id":"\/logo.png","url":"\/logo.png","width":600,"height":60}},"image":{"@type":"ImageObject","@id":"https:\/\/www.voelkl.sk\/wp-content\/uploads\/pen-4163403_1280.jpg","url":"https:\/\/www.voelkl.sk\/wp-content\/uploads\/pen-4163403_1280.jpg","height":0,"width":0},"wordCount":548,"keywords":null},{"@type":"Article","@id":"https:\/\/www.voelkl.sk\/moda-pre-dospele-zeny\/","headline":"M\u00f3da pre dospel\u00e9 \u017eeny","url":"https:\/\/www.voelkl.sk\/moda-pre-dospele-zeny\/","datePublished":"2024-05-03","dateModified":"2024-06-07","mainEntityOfPage":"https:\/\/www.voelkl.sk\/moda-pre-dospele-zeny\/","author":{"@type":"Person","@id":"https:\/\/www.voelkl.sk\/author\/#Person","name":"","url":"https:\/\/www.voelkl.sk\/author\/","identifier":1,"image":{"@type":"ImageObject","@id":"https:\/\/secure.gravatar.com\/avatar\/ccdd701717dc93db07d73e0c11dbbb8b91524cccc3bfbd3baea83667a3ebf5d6?s=96&d=mm&r=g","url":"https:\/\/secure.gravatar.com\/avatar\/ccdd701717dc93db07d73e0c11dbbb8b91524cccc3bfbd3baea83667a3ebf5d6?s=96&d=mm&r=g","height":96,"width":96}},"publisher":{"@type":"Organization","name":"voelkl.sk","logo":{"@type":"ImageObject","@id":"\/logo.png","url":"\/logo.png","width":600,"height":60}},"image":{"@type":"ImageObject","@id":"https:\/\/www.voelkl.sk\/wp-content\/uploads\/elegant-8790251_640_1.jpg","url":"https:\/\/www.voelkl.sk\/wp-content\/uploads\/elegant-8790251_640_1.jpg","height":0,"width":0},"wordCount":451,"keywords":null},{"@type":"Article","@id":"https:\/\/www.voelkl.sk\/dychajte-cisty-vzduch-aj-v-lete-preco-je-dolezite-cistit-klimatizaciu\/","headline":"D\u00fdchajte \u010dist\u00fd vzduch aj v lete. Pre\u010do je d\u00f4le\u017eit\u00e9 \u010disti\u0165 klimatiz\u00e1ciu?","url":"https:\/\/www.voelkl.sk\/dychajte-cisty-vzduch-aj-v-lete-preco-je-dolezite-cistit-klimatizaciu\/","datePublished":"2024-04-14","dateModified":"2024-05-14","mainEntityOfPage":"https:\/\/www.voelkl.sk\/dychajte-cisty-vzduch-aj-v-lete-preco-je-dolezite-cistit-klimatizaciu\/","author":{"@type":"Person","@id":"https:\/\/www.voelkl.sk\/author\/#Person","name":"","url":"https:\/\/www.voelkl.sk\/author\/","identifier":1,"image":{"@type":"ImageObject","@id":"https:\/\/secure.gravatar.com\/avatar\/ccdd701717dc93db07d73e0c11dbbb8b91524cccc3bfbd3baea83667a3ebf5d6?s=96&d=mm&r=g","url":"https:\/\/secure.gravatar.com\/avatar\/ccdd701717dc93db07d73e0c11dbbb8b91524cccc3bfbd3baea83667a3ebf5d6?s=96&d=mm&r=g","height":96,"width":96}},"publisher":{"@type":"Organization","name":"voelkl.sk","logo":{"@type":"ImageObject","@id":"\/logo.png","url":"\/logo.png","width":600,"height":60}},"image":{"@type":"ImageObject","@id":"https:\/\/www.voelkl.sk\/wp-content\/uploads\/klimacistenie_1.jpg","url":"https:\/\/www.voelkl.sk\/wp-content\/uploads\/klimacistenie_1.jpg","height":0,"width":0},"wordCount":519,"keywords":null},{"@type":"Article","@id":"https:\/\/www.voelkl.sk\/uzasna-spolocnost-na-celu-noc\/","headline":"\u00fa\u017easn\u00e1 spolo\u010dnos\u0165 na cel\u00fa noc","url":"https:\/\/www.voelkl.sk\/uzasna-spolocnost-na-celu-noc\/","datePublished":"2024-03-29","dateModified":"2024-04-29","mainEntityOfPage":"https:\/\/www.voelkl.sk\/uzasna-spolocnost-na-celu-noc\/","author":{"@type":"Person","@id":"https:\/\/www.voelkl.sk\/author\/#Person","name":"","url":"https:\/\/www.voelkl.sk\/author\/","identifier":1,"image":{"@type":"ImageObject","@id":"https:\/\/secure.gravatar.com\/avatar\/ccdd701717dc93db07d73e0c11dbbb8b91524cccc3bfbd3baea83667a3ebf5d6?s=96&d=mm&r=g","url":"https:\/\/secure.gravatar.com\/avatar\/ccdd701717dc93db07d73e0c11dbbb8b91524cccc3bfbd3baea83667a3ebf5d6?s=96&d=mm&r=g","height":96,"width":96}},"publisher":{"@type":"Organization","name":"voelkl.sk","logo":{"@type":"ImageObject","@id":"\/logo.png","url":"\/logo.png","width":600,"height":60}},"image":{"@type":"ImageObject","@id":"https:\/\/www.voelkl.sk\/wp-content\/uploads\/woman-8643499_640%20(1)_1.png","url":"https:\/\/www.voelkl.sk\/wp-content\/uploads\/woman-8643499_640%20(1)_1.png","height":0,"width":0},"wordCount":489,"keywords":null},{"@type":"Article","@id":"https:\/\/www.voelkl.sk\/teste-sa-na-tantricku-masaz\/","headline":"Te\u0161te sa na tantrick\u00fa mas\u00e1\u017e","url":"https:\/\/www.voelkl.sk\/teste-sa-na-tantricku-masaz\/","datePublished":"2024-03-22","dateModified":"2024-04-22","mainEntityOfPage":"https:\/\/www.voelkl.sk\/teste-sa-na-tantricku-masaz\/","author":{"@type":"Person","@id":"https:\/\/www.voelkl.sk\/author\/#Person","name":"","url":"https:\/\/www.voelkl.sk\/author\/","identifier":1,"image":{"@type":"ImageObject","@id":"https:\/\/secure.gravatar.com\/avatar\/ccdd701717dc93db07d73e0c11dbbb8b91524cccc3bfbd3baea83667a3ebf5d6?s=96&d=mm&r=g","url":"https:\/\/secure.gravatar.com\/avatar\/ccdd701717dc93db07d73e0c11dbbb8b91524cccc3bfbd3baea83667a3ebf5d6?s=96&d=mm&r=g","height":96,"width":96}},"publisher":{"@type":"Organization","name":"voelkl.sk","logo":{"@type":"ImageObject","@id":"\/logo.png","url":"\/logo.png","width":600,"height":60}},"image":{"@type":"ImageObject","@id":"https:\/\/www.voelkl.sk\/wp-content\/uploads\/ai-generated-8328483_640.png","url":"https:\/\/www.voelkl.sk\/wp-content\/uploads\/ai-generated-8328483_640.png","height":0,"width":0},"wordCount":493,"keywords":null},{"@type":"Article","@id":"https:\/\/www.voelkl.sk\/plastove-okna-ano-alebo-nie\/","headline":"Plastov\u00e9 okn\u00e1, \u00e1no alebo nie?","url":"https:\/\/www.voelkl.sk\/plastove-okna-ano-alebo-nie\/","datePublished":"2024-03-14","dateModified":"2024-05-14","mainEntityOfPage":"https:\/\/www.voelkl.sk\/plastove-okna-ano-alebo-nie\/","author":{"@type":"Person","@id":"https:\/\/www.voelkl.sk\/author\/#Person","name":"","url":"https:\/\/www.voelkl.sk\/author\/","identifier":1,"image":{"@type":"ImageObject","@id":"https:\/\/secure.gravatar.com\/avatar\/ccdd701717dc93db07d73e0c11dbbb8b91524cccc3bfbd3baea83667a3ebf5d6?s=96&d=mm&r=g","url":"https:\/\/secure.gravatar.com\/avatar\/ccdd701717dc93db07d73e0c11dbbb8b91524cccc3bfbd3baea83667a3ebf5d6?s=96&d=mm&r=g","height":96,"width":96}},"publisher":{"@type":"Organization","name":"voelkl.sk","logo":{"@type":"ImageObject","@id":"\/logo.png","url":"\/logo.png","width":600,"height":60}},"image":{"@type":"ImageObject","@id":"https:\/\/www.voelkl.sk\/wp-content\/uploads\/building-37137_640.png","url":"https:\/\/www.voelkl.sk\/wp-content\/uploads\/building-37137_640.png","height":0,"width":0},"wordCount":557,"keywords":null},{"@type":"Article","@id":"https:\/\/www.voelkl.sk\/kupujeme-s-rodicmi-dvojgeneracny-dom\/","headline":"Kupujeme s rodi\u010dmi dvojgenera\u010dn\u00fd dom","url":"https:\/\/www.voelkl.sk\/kupujeme-s-rodicmi-dvojgeneracny-dom\/","datePublished":"2024-03-12","dateModified":"2024-04-12","mainEntityOfPage":"https:\/\/www.voelkl.sk\/kupujeme-s-rodicmi-dvojgeneracny-dom\/","author":{"@type":"Person","@id":"https:\/\/www.voelkl.sk\/author\/#Person","name":"","url":"https:\/\/www.voelkl.sk\/author\/","identifier":1,"image":{"@type":"ImageObject","@id":"https:\/\/secure.gravatar.com\/avatar\/ccdd701717dc93db07d73e0c11dbbb8b91524cccc3bfbd3baea83667a3ebf5d6?s=96&d=mm&r=g","url":"https:\/\/secure.gravatar.com\/avatar\/ccdd701717dc93db07d73e0c11dbbb8b91524cccc3bfbd3baea83667a3ebf5d6?s=96&d=mm&r=g","height":96,"width":96}},"publisher":{"@type":"Organization","name":"voelkl.sk","logo":{"@type":"ImageObject","@id":"\/logo.png","url":"\/logo.png","width":600,"height":60}},"image":{"@type":"ImageObject","@id":"https:\/\/www.voelkl.sk\/wp-content\/uploads\/sky-apartment-5074975_640.jpg","url":"https:\/\/www.voelkl.sk\/wp-content\/uploads\/sky-apartment-5074975_640.jpg","height":0,"width":0},"wordCount":456,"keywords":null},{"@type":"Article","@id":"https:\/\/www.voelkl.sk\/zastavte-teplo-v-byte\/","headline":"Zastavte teplo v byte","url":"https:\/\/www.voelkl.sk\/zastavte-teplo-v-byte\/","datePublished":"2024-02-26","dateModified":"2024-03-27","mainEntityOfPage":"https:\/\/www.voelkl.sk\/zastavte-teplo-v-byte\/","author":{"@type":"Person","@id":"https:\/\/www.voelkl.sk\/author\/#Person","name":"","url":"https:\/\/www.voelkl.sk\/author\/","identifier":1,"image":{"@type":"ImageObject","@id":"https:\/\/secure.gravatar.com\/avatar\/ccdd701717dc93db07d73e0c11dbbb8b91524cccc3bfbd3baea83667a3ebf5d6?s=96&d=mm&r=g","url":"https:\/\/secure.gravatar.com\/avatar\/ccdd701717dc93db07d73e0c11dbbb8b91524cccc3bfbd3baea83667a3ebf5d6?s=96&d=mm&r=g","height":96,"width":96}},"publisher":{"@type":"Organization","name":"voelkl.sk","logo":{"@type":"ImageObject","@id":"\/logo.png","url":"\/logo.png","width":600,"height":60}},"image":{"@type":"ImageObject","@id":"https:\/\/www.voelkl.sk\/wp-content\/uploads\/condenser-unit-6605975_640_10_2.jpg","url":"https:\/\/www.voelkl.sk\/wp-content\/uploads\/condenser-unit-6605975_640_10_2.jpg","height":0,"width":0},"wordCount":655,"keywords":null},{"@type":"Article","@id":"https:\/\/www.voelkl.sk\/advokati-v-bratislave-strazcovia-spravodlivosti-a-empatie\/","headline":"Advok\u00e1ti v Bratislave: Str\u00e1\u017ecovia spravodlivosti a empatie","url":"https:\/\/www.voelkl.sk\/advokati-v-bratislave-strazcovia-spravodlivosti-a-empatie\/","datePublished":"2024-02-20","dateModified":"2024-03-23","mainEntityOfPage":"https:\/\/www.voelkl.sk\/advokati-v-bratislave-strazcovia-spravodlivosti-a-empatie\/","author":{"@type":"Person","@id":"https:\/\/www.voelkl.sk\/author\/#Person","name":"","url":"https:\/\/www.voelkl.sk\/author\/","identifier":1,"image":{"@type":"ImageObject","@id":"https:\/\/secure.gravatar.com\/avatar\/ccdd701717dc93db07d73e0c11dbbb8b91524cccc3bfbd3baea83667a3ebf5d6?s=96&d=mm&r=g","url":"https:\/\/secure.gravatar.com\/avatar\/ccdd701717dc93db07d73e0c11dbbb8b91524cccc3bfbd3baea83667a3ebf5d6?s=96&d=mm&r=g","height":96,"width":96}},"publisher":{"@type":"Organization","name":"voelkl.sk","logo":{"@type":"ImageObject","@id":"\/logo.png","url":"\/logo.png","width":600,"height":60}},"image":{"@type":"ImageObject","@id":"https:\/\/www.voelkl.sk\/wp-content\/uploads\/bratislava%20hrad.jpg","url":"https:\/\/www.voelkl.sk\/wp-content\/uploads\/bratislava%20hrad.jpg","height":0,"width":0},"wordCount":511,"keywords":null}]},{"@context":"https:\/\/schema.org","@type":"WebSite","@id":"https:\/\/www.voelkl.sk\/#website","name":"Voelkl","url":"https:\/\/www.voelkl.sk","potentialAction":{"@type":"SearchAction","target":"https:\/\/www.voelkl.sk\/?s={search_term_string}","query-input":"required name=search_term_string"}}]