[{"@context":"https:\/\/schema.org\/","@type":"Article","@id":"https:\/\/www.voelkl.sk\/basic-kusky\/#Article","mainEntityOfPage":"https:\/\/www.voelkl.sk\/basic-kusky\/","headline":"Basic k\u00fasky","name":"Basic k\u00fasky","description":"M\u00f3da je v\u00a0dne\u0161nej dobe najm\u00e4 u\u00a0mlad\u0161\u00edch \u017eien ve\u013emi popul\u00e1rna. Na ulici m\u00f4\u017eeme vidie\u0165 mno\u017estvo mlad\u00fdch diev\u010dat ale aj zrel\u0161\u00edch \u017eien, ktor\u00e9 s\u00fa oble\u010den\u00e9 pod\u013ea najnov\u0161\u00edch","datePublished":"2022-03-23","dateModified":"2023-04-29","author":{"@type":"Person","@id":"https:\/\/www.voelkl.sk\/author\/#Person","name":"","url":"https:\/\/www.voelkl.sk\/author\/","identifier":1,"image":{"@type":"ImageObject","@id":"https:\/\/secure.gravatar.com\/avatar\/ccdd701717dc93db07d73e0c11dbbb8b91524cccc3bfbd3baea83667a3ebf5d6?s=96&d=mm&r=g","url":"https:\/\/secure.gravatar.com\/avatar\/ccdd701717dc93db07d73e0c11dbbb8b91524cccc3bfbd3baea83667a3ebf5d6?s=96&d=mm&r=g","height":96,"width":96}},"publisher":{"@type":"Organization","name":"voelkl.sk","logo":{"@type":"ImageObject","@id":"\/logo.png","url":"\/logo.png","width":600,"height":60}},"image":{"@type":"ImageObject","@id":"https:\/\/www.voelkl.sk\/wp-content\/uploads\/girl-2581913__480.jpg","url":"https:\/\/www.voelkl.sk\/wp-content\/uploads\/girl-2581913__480.jpg","height":0,"width":0},"url":"https:\/\/www.voelkl.sk\/basic-kusky\/","about":["M\u00f3da"],"wordCount":380,"articleBody":"M\u00f3da je v\u00a0dne\u0161nej dobe najm\u00e4 u\u00a0mlad\u0161\u00edch \u017eien ve\u013emi popul\u00e1rna. Na ulici m\u00f4\u017eeme vidie\u0165 mno\u017estvo mlad\u00fdch diev\u010dat ale aj zrel\u0161\u00edch \u017eien, ktor\u00e9 s\u00fa oble\u010den\u00e9 pod\u013ea najnov\u0161\u00edch trendov. Trendy v\u00a0obliekan\u00ed sa ka\u017edoro\u010dne menia a\u00a0ak ich sledujete ur\u010dite budete neprehliadnute\u013en\u00e9. No nie ka\u017ed\u00e1 \u017eena sa nemus\u00ed c\u00edti\u0165 v\u00a0m\u00f3dnych v\u00fdstrelkoch dobre. Niekedy nem\u00e1me na modern\u00e9 trendy ani postavu. Preto by ka\u017ed\u00e1 \u017eena mala nosi\u0165 oble\u010denie, ktor\u00e9 jej pristane, c\u00edti sa v\u00a0\u0148om komfortne a\u00a0najm\u00e4 lichot\u00ed jej krivk\u00e1m. Ni\u010d nepokaz\u00edte, ak si zvol\u00edte na svoje outfite oby\u010dajn\u00e9 Basic k\u00fasky.\u00a0\u00a0\u010co s\u00fa Basic k\u00fasky?Basic alebo z\u00e1kladn\u00e9 k\u00fasky oble\u010denia s\u00fa tie, ktor\u00e9 tvoria z\u00e1klad v\u00e1\u0161ho outfitu. S\u00fa jednoduch\u00e9, nev\u00fdrazn\u00e9, ale pritom ve\u013emi vhodn\u00e9 a\u00a0vytvoria kr\u00e1sny outfit. Aj v\u00a0tomto pr\u00edpade plat\u00ed star\u00e9 zn\u00e1me menej je niekedy viac. Preto nemus\u00edte \u0161pekulova\u0165 nad v\u00fdberom r\u00f4znych prepracovan\u00fdch \u010di farebn\u00fdch k\u00faskov oble\u010denia, ale stavte rad\u0161ej na klasiku a\u00a0jednoduchos\u0165.\u00a0K z\u00e1kladn\u00fdm k\u00faskom oble\u010denia sa zara\u010fuj\u00fa najm\u00e4 tri\u010dk\u00e1, tielka \u010di rol\u00e1ky. V klasickej bielej, \u0161edej \u010di \u010diernej farbe budete aj tak v\u00fdrazn\u00e9 a\u00a0ni\u010d t\u00fdm nepokaz\u00edte. Strih tak\u00fdchto z\u00e1kladn\u00fdch k\u00faskov nie je rozhoduj\u00faci. \u00a0\u00a0Vybera\u0165 by ste mali pod\u013ea svojej postavy a\u00a0pod\u013ea spodn\u00e9ho dielu, s\u00a0ktor\u00fdm chcete tri\u010dko \u010di rol\u00e1k kombinova\u0165. Mimoriadne ob\u013e\u00faben\u00e9 s\u00fa t\u00fato sez\u00f3nu ko\u017eenkov\u00e9 leg\u00edny. V\u00a0kombin\u00e1cii s\u00a0bielym \u010di \u010diernym obtiahnut\u00fd rol\u00e1\u010dikom sa budete c\u00edti\u0165 v\u00a0outfite pohodlne a svoje okolie rozhodne zaujmete. Pokia\u013e si zvol\u00edte jednofarebn\u00fd outfit, nemali by ch\u00fdba\u0165 doplnky vo farebnej vari\u00e1ci\u00ed. Naj\u010dastej\u0161ie si zvol\u00edme farebn\u00fd akcent kabelky. No pokia\u013e farby nie s\u00fa pr\u00e1ve pre v\u00e1s, \u010diernu m\u00f4\u017eete rozbi\u0165 aj zemit\u00fdmi farbami. Jar, jese\u0148 a\u00a0zima s\u00fa obdobiami, kedy sa vo va\u0161ich outfitoch\u00a0nemus\u00ed objavi\u0165 \u017eiadna v\u00fdrazn\u00e9 farba. M\u00f3da a\u00a0vkus je pre ka\u017ed\u00e9ho, sta\u010d\u00ed si len vybra\u0165 veci pod\u013ea svojho presved\u010denia.                                                                                                                                                                                                                                                                                                                                                                                                "},{"@context":"https:\/\/schema.org\/","@type":"BreadcrumbList","itemListElement":[{"@type":"ListItem","position":1,"name":"Basic k\u00fasky","item":"https:\/\/www.voelkl.sk\/basic-kusky\/#breadcrumbitem"}]}]