[{"@context":"https:\/\/schema.org\/","@type":"Article","@id":"https:\/\/www.voelkl.sk\/atributy-na-ktore-treba-klast-doraz-pri-vybere-spravnych-zamestnancov\/#Article","mainEntityOfPage":"https:\/\/www.voelkl.sk\/atributy-na-ktore-treba-klast-doraz-pri-vybere-spravnych-zamestnancov\/","headline":"Atrib\u00faty, na ktor\u00e9 treba kl\u00e1s\u0165 d\u00f4raz pri v\u00fdbere spr\u00e1vnych zamestnancov","name":"Atrib\u00faty, na ktor\u00e9 treba kl\u00e1s\u0165 d\u00f4raz pri v\u00fdbere spr\u00e1vnych zamestnancov","description":"M\u00e1m u\u010d\u0148ov v z\u00e1vere\u010dnom ro\u010dn\u00edku. Ako to u\u017e b\u00fdva \u0161tudenti s\u00fa veru r\u00f4zni. V\u017edy boli a aj bud\u00fa- nie je to len dnes tomu tak.","datePublished":"2019-05-12","dateModified":"2023-04-29","author":{"@type":"Person","@id":"https:\/\/www.voelkl.sk\/author\/#Person","name":"","url":"https:\/\/www.voelkl.sk\/author\/","identifier":1,"image":{"@type":"ImageObject","@id":"https:\/\/secure.gravatar.com\/avatar\/ccdd701717dc93db07d73e0c11dbbb8b91524cccc3bfbd3baea83667a3ebf5d6?s=96&d=mm&r=g","url":"https:\/\/secure.gravatar.com\/avatar\/ccdd701717dc93db07d73e0c11dbbb8b91524cccc3bfbd3baea83667a3ebf5d6?s=96&d=mm&r=g","height":96,"width":96}},"publisher":{"@type":"Organization","name":"voelkl.sk","logo":{"@type":"ImageObject","@id":"\/logo.png","url":"\/logo.png","width":600,"height":60}},"image":{"@type":"ImageObject","@id":"https:\/\/www.voelkl.sk\/wp-content\/uploads\/img_a301243_w16519_t1558705479.png","url":"https:\/\/www.voelkl.sk\/wp-content\/uploads\/img_a301243_w16519_t1558705479.png","height":0,"width":0},"url":"https:\/\/www.voelkl.sk\/atributy-na-ktore-treba-klast-doraz-pri-vybere-spravnych-zamestnancov\/","wordCount":366,"articleBody":" M\u00e1m u\u010d\u0148ov v z\u00e1vere\u010dnom ro\u010dn\u00edku. Ako to u\u017e b\u00fdva \u0161tudenti s\u00fa veru r\u00f4zni. V\u017edy boli a aj bud\u00fa- nie je to len dnes tomu tak. M\u00e1m \u0161tudentov : M\u00fadrych, sna\u017eiv\u00fdch, M\u00fadrych a leniv\u00fdch, Menej m\u00fadrych ale sna\u017eiv\u00fdch Prv\u00e1 skupina mlad\u00fdch \u013eud\u00ed vykon\u00e1va pr\u00e1cu na\u010das a presne. Navy\u0161e si vie aj poradi\u0165 so vzniknut\u00fdmi komplik\u00e1ciami a vie h\u013eada\u0165 inovat\u00edvne rie\u0161enia. \u010cas u nich nehr\u00e1 rolu. Aj po zvonen\u00ed ochotne rie\u0161ia probl\u00e9m a\u017e do okamihu jeho odstr\u00e1nenia. Toto je skupinka o ktor\u00fa by mal ma\u0165 z\u00e1ujem veru ka\u017ed\u00fd jeden zamestn\u00e1vate\u013e. Druh\u00e1 skupinka je tak\u00e1, \u017ee s\u00edce vie ak treba- ak im u\u017e hor\u00ed pod zadkom, ale inak ich treba k aktivite nab\u00e1da\u0165 a ve\u010dne upozor\u0148ova\u0165. Niektor\u00ed z nich s\u00fa dokonca nepresn\u00ed, nechodia v\u010das, zaspia. Ak sa nezmenia- je to pohroma pre zamestn\u00e1vate\u013ea- ma\u0165 tak\u00fdchto zamestnancov. Tretia skupinka menej nadan\u00fdch, ale zato sna\u017eiv\u00fdch chlapcov mi ale rob\u00ed rados\u0165. Napriek nesporne hor\u0161\u00edm rozumov\u00fdm schopnostiam s\u00fa schopn\u00ed predbehn\u00fa\u0165 v\u017edy druh\u00fa skupinu. Trv\u00e1 im to s\u00edce dlh\u0161ie pokia\u013e sa nie\u010do naozaj nau\u010dia, ale ak sa raz nie\u010do nau\u010dia u\u017e pracuj\u00fa ako hodinky. Presne, bez reptania svedomite vykon\u00e1vaj\u00fa pr\u00e1cu a po jej skon\u010den\u00ed si iniciat\u00edvne p\u00fdtaj\u00fa nov\u00fa. Aj pri mojom hodnoten\u00ed so \u017eiakmi sme dospeli k jednozna\u010dn\u00e9mu z\u00e1veru, \u017ee zamestn\u00e1vate\u013e by celkom iste uprednostnil prv\u00fa skupinu, potom by pri\u0161la na rad skupina tretia a o druh\u00fa skupinu by celkom iste nemal z\u00e1ujem nikto. Toto hodnotenie urobili samotn\u00ed \u017eiaci ! Je to pote\u0161ite\u013en\u00e9, \u017ee takto vedia zhodnoti\u0165 cel\u00fa situ\u00e1ciu. Prekvapiv\u00e9 bolo aj objekt\u00edvne hodnotenie druhej skupiny smerom do vn\u00fatra. Evidentne si uvedomuj\u00fa, svoju slab\u00fa uplatnite\u013enos\u0165 na trhu pr\u00e1ce. H\u00e1dam do seba vst\u00fapia a zmenia svoj postoj k povinnostiam. Rozumovo na to maj\u00fa. Bola by ich predsa \u0161koda. Ver\u00edm, \u017ee dospej\u00fa a uvedomia si mieru vlastnej zodpovednosti za svoju situ\u00e1ciu.                                                                                                                                                                                                                                                                                                                                                                                                "},{"@context":"https:\/\/schema.org\/","@type":"BreadcrumbList","itemListElement":[{"@type":"ListItem","position":1,"name":"Atrib\u00faty, na ktor\u00e9 treba kl\u00e1s\u0165 d\u00f4raz pri v\u00fdbere spr\u00e1vnych zamestnancov","item":"https:\/\/www.voelkl.sk\/atributy-na-ktore-treba-klast-doraz-pri-vybere-spravnych-zamestnancov\/#breadcrumbitem"}]}]